{"id":1408,"date":"2021-11-19T16:05:46","date_gmt":"2021-11-19T16:05:46","guid":{"rendered":"https:\/\/sp2-poreba.edu.pl\/?p=1408"},"modified":"2021-11-19T16:06:24","modified_gmt":"2021-11-19T16:06:24","slug":"ratownicy-czytelnictwa","status":"publish","type":"post","link":"https:\/\/sp2-poreba.edu.pl\/index.php\/2021\/11\/19\/ratownicy-czytelnictwa\/","title":{"rendered":"&#8220;Ratownicy czytelnictwa&#8221;"},"content":{"rendered":"\n<p><\/p>\n\n\n\n<div class=\"wp-block-media-text alignwide is-stacked-on-mobile\"><figure class=\"wp-block-media-text__media\"><video controls src=\"https:\/\/sp2-poreba.edu.pl\/wp-content\/uploads\/2021\/11\/video-1637337480-1.mp4\"><\/video><\/figure><div class=\"wp-block-media-text__content\">\n<p>Uczniowie klasy IV , zainspirowani lektur\u0105 Jana Brzechwy \u201eAkademia Pana Kleksa\u201d, stworzyli makiety przedstawiaj\u0105ce szko\u0142\u0119, do kt\u00f3rej ucz\u0119szcza\u0142 m.in. Ada\u015b Niezg\u00f3dka, a nauczycielem by\u0142 niezwyk\u0142y Ambro\u017cy Kleks. Prace powsta\u0142y w ramach realizacji projektu na lekcji j\u0119zyka polskiego. Uczniowie wsp\u00f3lnie z nauczycielem zaplanowali dzia\u0142ania i termin prezentacji makiet. Uczniowie pracowali w ma\u0142ych grupach. Serdecznie dzi\u0119kujemy wszystkim rodzicom, kt\u00f3rzy wyposa\u017cyli dzieci w\u00a0 niezb\u0119dne materia\u0142y. Prezentacja w klasach nast\u0105pi\u0142a dnia 19 listopada, a prace trafi\u0142y na wystaw\u0119 oraz zosta\u0142y nagrodzone ocenami.<br>Dzi\u0119ki takim niezwyk\u0142ym lekcjom, uczniowie ch\u0119tniej si\u0119gaj\u0105 po lektury szkolne oraz wspieraj\u0105 akcj\u0119 &#8220;Ratownicy czytelnictwa&#8221;.<\/p>\n<\/div><\/div>\n","protected":false},"excerpt":{"rendered":"<p>Uczniowie klasy IV , zainspirowani lektur\u0105 Jana Brzechwy \u201eAkademia Pana Kleksa\u201d, stworzyli makiety przedstawiaj\u0105ce szko\u0142\u0119, do kt\u00f3rej ucz\u0119szcza\u0142 m.in. Ada\u015b Niezg\u00f3dka, a nauczycielem by\u0142 niezwyk\u0142y Ambro\u017cy Kleks. Prace powsta\u0142y w ramach realizacji projektu na lekcji j\u0119zyka polskiego. Uczniowie wsp\u00f3lnie z <span class=\"readmore\"><a href=\"https:\/\/sp2-poreba.edu.pl\/index.php\/2021\/11\/19\/ratownicy-czytelnictwa\/\">Czytaj wi\u0119cej<\/a><\/span><\/p>\n","protected":false},"author":2,"featured_media":1412,"comment_status":"closed","ping_status":"closed","sticky":false,"template":"","format":"standard","meta":{"footnotes":""},"categories":[8,7],"tags":[],"class_list":["post-1408","post","type-post","status-publish","format-standard","has-post-thumbnail","hentry","category-aktualnosci","category-wydarzenia"],"_links":{"self":[{"href":"https:\/\/sp2-poreba.edu.pl\/index.php\/wp-json\/wp\/v2\/posts\/1408","targetHints":{"allow":["GET"]}}],"collection":[{"href":"https:\/\/sp2-poreba.edu.pl\/index.php\/wp-json\/wp\/v2\/posts"}],"about":[{"href":"https:\/\/sp2-poreba.edu.pl\/index.php\/wp-json\/wp\/v2\/types\/post"}],"author":[{"embeddable":true,"href":"https:\/\/sp2-poreba.edu.pl\/index.php\/wp-json\/wp\/v2\/users\/2"}],"replies":[{"embeddable":true,"href":"https:\/\/sp2-poreba.edu.pl\/index.php\/wp-json\/wp\/v2\/comments?post=1408"}],"version-history":[{"count":0,"href":"https:\/\/sp2-poreba.edu.pl\/index.php\/wp-json\/wp\/v2\/posts\/1408\/revisions"}],"wp:featuredmedia":[{"embeddable":true,"href":"https:\/\/sp2-poreba.edu.pl\/index.php\/wp-json\/wp\/v2\/media\/1412"}],"wp:attachment":[{"href":"https:\/\/sp2-poreba.edu.pl\/index.php\/wp-json\/wp\/v2\/media?parent=1408"}],"wp:term":[{"taxonomy":"category","embeddable":true,"href":"https:\/\/sp2-poreba.edu.pl\/index.php\/wp-json\/wp\/v2\/categories?post=1408"},{"taxonomy":"post_tag","embeddable":true,"href":"https:\/\/sp2-poreba.edu.pl\/index.php\/wp-json\/wp\/v2\/tags?post=1408"}],"curies":[{"name":"wp","href":"https:\/\/api.w.org\/{rel}","templated":true}]}}