{"id":1427,"date":"2021-11-19T17:34:11","date_gmt":"2021-11-19T17:34:11","guid":{"rendered":"https:\/\/sp2-poreba.edu.pl\/?p=1427"},"modified":"2021-11-19T18:05:40","modified_gmt":"2021-11-19T18:05:40","slug":"ogolnopolski-dzien-praw-dziecka","status":"publish","type":"post","link":"https:\/\/sp2-poreba.edu.pl\/index.php\/2021\/11\/19\/ogolnopolski-dzien-praw-dziecka\/","title":{"rendered":"Og\u00f3lnopolski Dzie\u0144 Praw Dziecka"},"content":{"rendered":"\n<div class=\"wp-block-media-text alignwide is-stacked-on-mobile\"><figure class=\"wp-block-media-text__media\"><video controls src=\"https:\/\/sp2-poreba.edu.pl\/wp-content\/uploads\/2021\/11\/Niech-sie-wreszcie-kazdy-dowie-i-rozpowie-w-swiecie-calym-ze-dziecko-to-takze-czlowiek-tyle-ze-jeszcze-maly.-1.mp4\"><\/video><\/figure><div class=\"wp-block-media-text__content\">\n<p class=\"has-text-align-center has-blue-color has-text-color has-normal-font-size\"><strong><em>\u201d Moje prawa &#8211; wa\u017cna sprawa! Ja si\u0119 bawi\u0107 prawo mam.<\/em><\/strong><strong><\/strong><\/p>\n\n\n\n<p class=\"has-text-align-center has-blue-color has-text-color has-normal-font-size\"><strong><em>Mam te\u017c prawo do rodziny, \u017cebym nigdy nie by\u0142 sam!<\/em><\/strong><strong><\/strong><\/p>\n\n\n\n<p class=\"has-text-align-center has-blue-color has-text-color has-normal-font-size\"><strong><em>Mog\u0119 uczy\u0107 si\u0119 i pyta\u0107, bo nie wszystko jeszcze&nbsp; wiem.<\/em><\/strong><strong><\/strong><\/p>\n\n\n\n<p class=\"has-text-align-center has-blue-color has-text-color has-normal-font-size\"><strong><em>Nikt nie mo\u017ce mnie poni\u017ca\u0107, krzywdzi\u0107 te\u017c nie mo\u017ce mnie.<\/em><\/strong><strong><\/strong><\/p>\n\n\n\n<p class=\"has-text-align-center has-blue-color has-text-color has-normal-font-size\"><strong><em>Dzieci wszystkich kraj\u00f3w \u015bwiata pami\u0119tajcie prawa swe!\u201d<\/em><\/strong><strong><\/strong><\/p>\n<\/div><\/div>\n\n\n\n<h2 class=\"wp-block-heading\">AKTUALNO\u015aCI PRZEDSZKOLNE<\/h2>\n\n\n\n<p><strong>19 listopada<\/strong>, w naszym przedszkolu obchodzili\u015bmy&nbsp;<strong>Og\u00f3lnopolski Dzie\u0144 Praw Dziecka <\/strong>uchwalony przez Sejm RP w 2014 roku. Z tej w\u0142a\u015bnie okazji w grupach odby\u0142y si\u0119 pogadanki na temat praw dziecka, o ich potrzebach oraz o roli rodzic\u00f3w i opiekun\u00f3w. Dzieci dzieli\u0142y si\u0119 swoimi w\u0142asnymi spostrze\u017ceniami na temat powod\u00f3w do rado\u015bci i u\u015bmiechu w\u015br\u00f3d dzieci oraz o tym co mo\u017ce powodowa\u0107, \u017ce ma\u0142y cz\u0142owiek jest smutny i co mu sprawia przykro\u015b\u0107. My jako przedszkole wierzymy, \u017ce dobrze ugruntowana wiedza dziecka, poczucie jego w\u0142asnej warto\u015bci oraz \u015bwiadomo\u015b\u0107 swoich praw da dzieciom dobre podstawy do bycia w przysz\u0142o\u015bci wspania\u0142ym cz\u0142owiekiem, rodzicem i obywatelem.<\/p>\n","protected":false},"excerpt":{"rendered":"<p>\u201d Moje prawa &#8211; wa\u017cna sprawa! Ja si\u0119 bawi\u0107 prawo mam. Mam te\u017c prawo do rodziny, \u017cebym nigdy nie by\u0142 sam! Mog\u0119 uczy\u0107 si\u0119 i pyta\u0107, bo nie wszystko jeszcze&nbsp; wiem. Nikt nie mo\u017ce mnie poni\u017ca\u0107, krzywdzi\u0107 te\u017c nie mo\u017ce <span class=\"readmore\"><a href=\"https:\/\/sp2-poreba.edu.pl\/index.php\/2021\/11\/19\/ogolnopolski-dzien-praw-dziecka\/\">Czytaj wi\u0119cej<\/a><\/span><\/p>\n","protected":false},"author":2,"featured_media":1432,"comment_status":"closed","ping_status":"closed","sticky":false,"template":"","format":"standard","meta":{"footnotes":""},"categories":[8,10,7],"tags":[],"class_list":["post-1427","post","type-post","status-publish","format-standard","has-post-thumbnail","hentry","category-aktualnosci","category-przedszkole","category-wydarzenia"],"_links":{"self":[{"href":"https:\/\/sp2-poreba.edu.pl\/index.php\/wp-json\/wp\/v2\/posts\/1427","targetHints":{"allow":["GET"]}}],"collection":[{"href":"https:\/\/sp2-poreba.edu.pl\/index.php\/wp-json\/wp\/v2\/posts"}],"about":[{"href":"https:\/\/sp2-poreba.edu.pl\/index.php\/wp-json\/wp\/v2\/types\/post"}],"author":[{"embeddable":true,"href":"https:\/\/sp2-poreba.edu.pl\/index.php\/wp-json\/wp\/v2\/users\/2"}],"replies":[{"embeddable":true,"href":"https:\/\/sp2-poreba.edu.pl\/index.php\/wp-json\/wp\/v2\/comments?post=1427"}],"version-history":[{"count":0,"href":"https:\/\/sp2-poreba.edu.pl\/index.php\/wp-json\/wp\/v2\/posts\/1427\/revisions"}],"wp:featuredmedia":[{"embeddable":true,"href":"https:\/\/sp2-poreba.edu.pl\/index.php\/wp-json\/wp\/v2\/media\/1432"}],"wp:attachment":[{"href":"https:\/\/sp2-poreba.edu.pl\/index.php\/wp-json\/wp\/v2\/media?parent=1427"}],"wp:term":[{"taxonomy":"category","embeddable":true,"href":"https:\/\/sp2-poreba.edu.pl\/index.php\/wp-json\/wp\/v2\/categories?post=1427"},{"taxonomy":"post_tag","embeddable":true,"href":"https:\/\/sp2-poreba.edu.pl\/index.php\/wp-json\/wp\/v2\/tags?post=1427"}],"curies":[{"name":"wp","href":"https:\/\/api.w.org\/{rel}","templated":true}]}}