{"id":2028,"date":"2022-10-22T18:25:33","date_gmt":"2022-10-22T18:25:33","guid":{"rendered":"https:\/\/sp2-poreba.edu.pl\/?p=2028"},"modified":"2022-10-22T18:25:34","modified_gmt":"2022-10-22T18:25:34","slug":"europejski-dzien-sportu-szkolnego","status":"publish","type":"post","link":"https:\/\/sp2-poreba.edu.pl\/index.php\/2022\/10\/22\/europejski-dzien-sportu-szkolnego\/","title":{"rendered":"Europejski Dzie\u0144 Sportu Szkolnego"},"content":{"rendered":"\n<p>30 wrze\u015bnia nasza szko\u0142a po raz pierwszy obchodzi\u0107 b\u0119dzie Europejski Dzie\u0144 Sportu Szkolnego (European School Sport Day &#8211; ESSD). To wielkie, mi\u0119dzynarodowe \u015bwi\u0119to ruchu, w kt\u00f3rym bior\u0105 udzia\u0142 szko\u0142y z ca\u0142ej Europy, a nawet Ameryki Po\u0142zudniowej, Afryki i Azji! W poprzedniej edycji ESSD wzi\u0119\u0142y udzia\u0142 blisko2 mln uczni\u00f3w z blisko 4 tys. szk\u00f3\u0142 w 38 krajach na ca\u0142ym \u015bwiecie! ESSD zach\u0119ca do wsp\u00f3lnego sp\u0119dzania czasu na zabawie, przy jednoczesnej promocji aktywno\u015bci fizycznej. Nie tylko na lekcjach wychowania fizycznego, ale tak\u017ce w salach matematyki, j\u0119zyka polskiego, czy geografii, dlatego 30 wrze\u015bnia w naszej szkole b\u0119dzie obowi\u0105zywa\u0142 wyj\u0105tkowy harmonogram dnia \u2013 RUCHOWY PLANLEKCJI, kt\u00f3ry przygotowa\u0142a Akademia Krokieta i Lamy. Ju\u017c nied\u0142ugo relacja z wydarzenia w naszej szkole!<a href=\"https:\/\/www.facebook.com\/hashtag\/essd2022?__eep__=6&amp;__cft__[0]=AZXTm5T9O1xVcpVxsKW83hqjnSelGOq9ttxUqRsFN6Wyfv0ZiI62N6_f9PmUllnD0jzAQs_oPbDoJqwJB67Fz6KqmtXaXQ96oKiRlisUPXKZBwDG9_eNnmIMMteJIwxTg8LdjqvIbu8KBMXr8onu6hFOQWA--hP2DTc6B8Z0AENp77Tp9jv-sz6Imvf8OsD-cyw&amp;__tn__=*NK-R\">#ESSD2022<\/a><a href=\"https:\/\/www.facebook.com\/hashtag\/essdpoland?__eep__=6&amp;__cft__[0]=AZXTm5T9O1xVcpVxsKW83hqjnSelGOq9ttxUqRsFN6Wyfv0ZiI62N6_f9PmUllnD0jzAQs_oPbDoJqwJB67Fz6KqmtXaXQ96oKiRlisUPXKZBwDG9_eNnmIMMteJIwxTg8LdjqvIbu8KBMXr8onu6hFOQWA--hP2DTc6B8Z0AENp77Tp9jv-sz6Imvf8OsD-cyw&amp;__tn__=*NK-R\">#ESSDPoland<\/a><a href=\"https:\/\/www.facebook.com\/hashtag\/beactive?__eep__=6&amp;__cft__[0]=AZXTm5T9O1xVcpVxsKW83hqjnSelGOq9ttxUqRsFN6Wyfv0ZiI62N6_f9PmUllnD0jzAQs_oPbDoJqwJB67Fz6KqmtXaXQ96oKiRlisUPXKZBwDG9_eNnmIMMteJIwxTg8LdjqvIbu8KBMXr8onu6hFOQWA--hP2DTc6B8Z0AENp77Tp9jv-sz6Imvf8OsD-cyw&amp;__tn__=*NK-R\">#BeActive<\/a><a href=\"https:\/\/www.facebook.com\/hashtag\/edukacjawruchu?__eep__=6&amp;__cft__[0]=AZXTm5T9O1xVcpVxsKW83hqjnSelGOq9ttxUqRsFN6Wyfv0ZiI62N6_f9PmUllnD0jzAQs_oPbDoJqwJB67Fz6KqmtXaXQ96oKiRlisUPXKZBwDG9_eNnmIMMteJIwxTg8LdjqvIbu8KBMXr8onu6hFOQWA--hP2DTc6B8Z0AENp77Tp9jv-sz6Imvf8OsD-cyw&amp;__tn__=*NK-R\">#edukacjawruchu<\/a><a href=\"https:\/\/www.facebook.com\/hashtag\/akil?__eep__=6&amp;__cft__[0]=AZXTm5T9O1xVcpVxsKW83hqjnSelGOq9ttxUqRsFN6Wyfv0ZiI62N6_f9PmUllnD0jzAQs_oPbDoJqwJB67Fz6KqmtXaXQ96oKiRlisUPXKZBwDG9_eNnmIMMteJIwxTg8LdjqvIbu8KBMXr8onu6hFOQWA--hP2DTc6B8Z0AENp77Tp9jv-sz6Imvf8OsD-cyw&amp;__tn__=*NK-R\">#AKiL<\/a>@EuropejskiDzienSportuSzkolnego<\/p>\n\n\n\n<figure class=\"wp-block-gallery has-nested-images columns-default is-cropped wp-block-gallery-1 is-layout-flex wp-block-gallery-is-layout-flex\">\n<figure class=\"wp-block-image size-large\"><img loading=\"lazy\" decoding=\"async\" width=\"640\" height=\"960\" data-id=\"2029\" src=\"https:\/\/sp2-poreba.edu.pl\/wp-content\/uploads\/2022\/10\/309446781_561414552451079_9003457378519253794_n.jpg\" alt=\"\" class=\"wp-image-2029\" srcset=\"https:\/\/sp2-poreba.edu.pl\/wp-content\/uploads\/2022\/10\/309446781_561414552451079_9003457378519253794_n.jpg 640w, https:\/\/sp2-poreba.edu.pl\/wp-content\/uploads\/2022\/10\/309446781_561414552451079_9003457378519253794_n-200x300.jpg 200w\" sizes=\"auto, (max-width: 640px) 100vw, 640px\" \/><\/figure>\n<\/figure>\n","protected":false},"excerpt":{"rendered":"<p>30 wrze\u015bnia nasza szko\u0142a po raz pierwszy obchodzi\u0107 b\u0119dzie Europejski Dzie\u0144 Sportu Szkolnego (European School Sport Day &#8211; ESSD). To wielkie, mi\u0119dzynarodowe \u015bwi\u0119to ruchu, w kt\u00f3rym bior\u0105 udzia\u0142 szko\u0142y z ca\u0142ej Europy, a nawet Ameryki Po\u0142zudniowej, Afryki i Azji! W <span class=\"readmore\"><a href=\"https:\/\/sp2-poreba.edu.pl\/index.php\/2022\/10\/22\/europejski-dzien-sportu-szkolnego\/\">Czytaj wi\u0119cej<\/a><\/span><\/p>\n","protected":false},"author":2,"featured_media":2029,"comment_status":"closed","ping_status":"closed","sticky":false,"template":"","format":"standard","meta":{"footnotes":""},"categories":[8,13,7],"tags":[],"class_list":["post-2028","post","type-post","status-publish","format-standard","has-post-thumbnail","hentry","category-aktualnosci","category-szkola","category-wydarzenia"],"_links":{"self":[{"href":"https:\/\/sp2-poreba.edu.pl\/index.php\/wp-json\/wp\/v2\/posts\/2028","targetHints":{"allow":["GET"]}}],"collection":[{"href":"https:\/\/sp2-poreba.edu.pl\/index.php\/wp-json\/wp\/v2\/posts"}],"about":[{"href":"https:\/\/sp2-poreba.edu.pl\/index.php\/wp-json\/wp\/v2\/types\/post"}],"author":[{"embeddable":true,"href":"https:\/\/sp2-poreba.edu.pl\/index.php\/wp-json\/wp\/v2\/users\/2"}],"replies":[{"embeddable":true,"href":"https:\/\/sp2-poreba.edu.pl\/index.php\/wp-json\/wp\/v2\/comments?post=2028"}],"version-history":[{"count":0,"href":"https:\/\/sp2-poreba.edu.pl\/index.php\/wp-json\/wp\/v2\/posts\/2028\/revisions"}],"wp:featuredmedia":[{"embeddable":true,"href":"https:\/\/sp2-poreba.edu.pl\/index.php\/wp-json\/wp\/v2\/media\/2029"}],"wp:attachment":[{"href":"https:\/\/sp2-poreba.edu.pl\/index.php\/wp-json\/wp\/v2\/media?parent=2028"}],"wp:term":[{"taxonomy":"category","embeddable":true,"href":"https:\/\/sp2-poreba.edu.pl\/index.php\/wp-json\/wp\/v2\/categories?post=2028"},{"taxonomy":"post_tag","embeddable":true,"href":"https:\/\/sp2-poreba.edu.pl\/index.php\/wp-json\/wp\/v2\/tags?post=2028"}],"curies":[{"name":"wp","href":"https:\/\/api.w.org\/{rel}","templated":true}]}}