{"id":2154,"date":"2022-10-22T18:41:41","date_gmt":"2022-10-22T18:41:41","guid":{"rendered":"https:\/\/sp2-poreba.edu.pl\/?p=2154"},"modified":"2022-10-22T18:41:42","modified_gmt":"2022-10-22T18:41:42","slug":"europejski-dzien-jezykow-obcych","status":"publish","type":"post","link":"https:\/\/sp2-poreba.edu.pl\/index.php\/2022\/10\/22\/europejski-dzien-jezykow-obcych\/","title":{"rendered":"Europejski Dzie\u0144 J\u0119zyk\u00f3w Obcych"},"content":{"rendered":"\n<p>Europejski Dzie\u0144 J\u0119zyk\u00f3w Obcych26 wrze\u015bnia 2022r. w naszej szkole obchodzili\u015bmy Europejski Dzie\u0144 J\u0119zyk\u00f3w Obcych. W tym roku uczniowie klas IV-VIII przyst\u0105pili do quizu j\u0119zykowego z kt\u00f3rego wy\u0142onili\u015bmy jednego zwyci\u0119zc\u0119 z ka\u017cdej klasy. Wyniki przedstawiaj\u0105 si\u0119 nast\u0119puj\u0105co: Klasa IV &#8211; Oliwia Wrzos Klasa V &#8211; Jakub Stala Klasa VI &#8211; Julia Wawry\u0142o Klasa VIII &#8211; Maciej Pantak Uczniowie, kt\u00f3rzy zdobyli najwi\u0119ksz\u0105 ilo\u015b\u0107 punkt\u00f3w otrzymali nagrody ksi\u0105\u017ckowe. Gratulujemy!<\/p>\n\n\n\n<figure class=\"wp-block-gallery has-nested-images columns-default is-cropped wp-block-gallery-1 is-layout-flex wp-block-gallery-is-layout-flex\">\n<figure class=\"wp-block-image size-large\"><img loading=\"lazy\" decoding=\"async\" width=\"960\" height=\"484\" data-id=\"2155\" src=\"https:\/\/sp2-poreba.edu.pl\/wp-content\/uploads\/2022\/10\/309413075_562787368980464_6372693606158537622_n.jpg\" alt=\"\" class=\"wp-image-2155\" srcset=\"https:\/\/sp2-poreba.edu.pl\/wp-content\/uploads\/2022\/10\/309413075_562787368980464_6372693606158537622_n.jpg 960w, https:\/\/sp2-poreba.edu.pl\/wp-content\/uploads\/2022\/10\/309413075_562787368980464_6372693606158537622_n-300x151.jpg 300w, https:\/\/sp2-poreba.edu.pl\/wp-content\/uploads\/2022\/10\/309413075_562787368980464_6372693606158537622_n-768x387.jpg 768w\" sizes=\"auto, (max-width: 960px) 100vw, 960px\" \/><\/figure>\n\n\n\n<figure class=\"wp-block-image size-large\"><img loading=\"lazy\" decoding=\"async\" width=\"480\" height=\"640\" data-id=\"2156\" src=\"https:\/\/sp2-poreba.edu.pl\/wp-content\/uploads\/2022\/10\/309422648_562787425647125_6452052989236947212_n.jpg\" alt=\"\" class=\"wp-image-2156\" srcset=\"https:\/\/sp2-poreba.edu.pl\/wp-content\/uploads\/2022\/10\/309422648_562787425647125_6452052989236947212_n.jpg 480w, https:\/\/sp2-poreba.edu.pl\/wp-content\/uploads\/2022\/10\/309422648_562787425647125_6452052989236947212_n-225x300.jpg 225w\" sizes=\"auto, (max-width: 480px) 100vw, 480px\" \/><\/figure>\n<\/figure>\n","protected":false},"excerpt":{"rendered":"<p>Europejski Dzie\u0144 J\u0119zyk\u00f3w Obcych26 wrze\u015bnia 2022r. w naszej szkole obchodzili\u015bmy Europejski Dzie\u0144 J\u0119zyk\u00f3w Obcych. W tym roku uczniowie klas IV-VIII przyst\u0105pili do quizu j\u0119zykowego z kt\u00f3rego wy\u0142onili\u015bmy jednego zwyci\u0119zc\u0119 z ka\u017cdej klasy. Wyniki przedstawiaj\u0105 si\u0119 nast\u0119puj\u0105co: Klasa IV &#8211; Oliwia <span class=\"readmore\"><a href=\"https:\/\/sp2-poreba.edu.pl\/index.php\/2022\/10\/22\/europejski-dzien-jezykow-obcych\/\">Czytaj wi\u0119cej<\/a><\/span><\/p>\n","protected":false},"author":2,"featured_media":2156,"comment_status":"closed","ping_status":"closed","sticky":false,"template":"","format":"standard","meta":{"footnotes":""},"categories":[8,7],"tags":[],"class_list":["post-2154","post","type-post","status-publish","format-standard","has-post-thumbnail","hentry","category-aktualnosci","category-wydarzenia"],"_links":{"self":[{"href":"https:\/\/sp2-poreba.edu.pl\/index.php\/wp-json\/wp\/v2\/posts\/2154","targetHints":{"allow":["GET"]}}],"collection":[{"href":"https:\/\/sp2-poreba.edu.pl\/index.php\/wp-json\/wp\/v2\/posts"}],"about":[{"href":"https:\/\/sp2-poreba.edu.pl\/index.php\/wp-json\/wp\/v2\/types\/post"}],"author":[{"embeddable":true,"href":"https:\/\/sp2-poreba.edu.pl\/index.php\/wp-json\/wp\/v2\/users\/2"}],"replies":[{"embeddable":true,"href":"https:\/\/sp2-poreba.edu.pl\/index.php\/wp-json\/wp\/v2\/comments?post=2154"}],"version-history":[{"count":0,"href":"https:\/\/sp2-poreba.edu.pl\/index.php\/wp-json\/wp\/v2\/posts\/2154\/revisions"}],"wp:featuredmedia":[{"embeddable":true,"href":"https:\/\/sp2-poreba.edu.pl\/index.php\/wp-json\/wp\/v2\/media\/2156"}],"wp:attachment":[{"href":"https:\/\/sp2-poreba.edu.pl\/index.php\/wp-json\/wp\/v2\/media?parent=2154"}],"wp:term":[{"taxonomy":"category","embeddable":true,"href":"https:\/\/sp2-poreba.edu.pl\/index.php\/wp-json\/wp\/v2\/categories?post=2154"},{"taxonomy":"post_tag","embeddable":true,"href":"https:\/\/sp2-poreba.edu.pl\/index.php\/wp-json\/wp\/v2\/tags?post=2154"}],"curies":[{"name":"wp","href":"https:\/\/api.w.org\/{rel}","templated":true}]}}