{"id":4553,"date":"2024-09-11T14:02:58","date_gmt":"2024-09-11T14:02:58","guid":{"rendered":"https:\/\/sp2-poreba.edu.pl\/?p=4553"},"modified":"2024-09-11T14:03:52","modified_gmt":"2024-09-11T14:03:52","slug":"pilka-jest-okragla-a-bramki-sa-dwie","status":"publish","type":"post","link":"https:\/\/sp2-poreba.edu.pl\/index.php\/2024\/09\/11\/pilka-jest-okragla-a-bramki-sa-dwie\/","title":{"rendered":"&#8220;Pi\u0142ka jest okr\u0105g\u0142a, a bramki s\u0105 dwie&#8221;."},"content":{"rendered":"\n<p>Legendarny polski trener pi\u0142ki no\u017cnej Kazimierz G\u00f3rski by\u0142by dumny z ostatnich osi\u0105gni\u0119\u0107 reprezentant\u00f3w Polski OPZZ Nauczycieli, by\u0142by dumny z naszego nauczyciela wf, pana Patryka Tragarza, kt\u00f3ry razem ze swoj\u0105 dru\u017cyn\u0105, po raz drugi z rz\u0119du, zdoby\u0142 wicemistrzostwo \u015bwiata na Mistrzostwach \u015awiata w Pi\u0142ce No\u017cnej Nauczycieli 2024 w Bu\u0142garii. Reprezentacja Polski zaj\u0119\u0142a II miejsce, zdobywaj\u0105c srebrny medal!Ogromne gratulacje dla pana Patryka, kt\u00f3ry jest nie tylko nauczycielem wf, ale tak\u017ce trenerem pi\u0142ki no\u017cnej m\u0142odzie\u017cowych zespo\u0142\u00f3w, trenerem z pasj\u0105 i, jak wida\u0107, z talentem <img loading=\"lazy\" decoding=\"async\" height=\"16\" width=\"16\" src=\"https:\/\/static.xx.fbcdn.net\/images\/emoji.php\/v9\/t51\/1\/16\/1f603.png\" alt=\"\ud83d\ude03\"><\/p>\n\n\n\n<p>PS Indywidualne talenty + praca zespo\u0142owa, wsp\u00f3\u0142praca = sukces. (I dotyczy to nie tylko sportu <img loading=\"lazy\" decoding=\"async\" height=\"16\" width=\"16\" src=\"https:\/\/static.xx.fbcdn.net\/images\/emoji.php\/v9\/t4c\/1\/16\/1f642.png\" alt=\"\ud83d\ude42\">, czego chcemy nauczy\u0107, mi\u0119dzy innymi, naszych uczni\u00f3w).<\/p>\n","protected":false},"excerpt":{"rendered":"<p>Legendarny polski trener pi\u0142ki no\u017cnej Kazimierz G\u00f3rski by\u0142by dumny z ostatnich osi\u0105gni\u0119\u0107 reprezentant\u00f3w Polski OPZZ Nauczycieli, by\u0142by dumny z naszego nauczyciela wf, pana Patryka Tragarza, kt\u00f3ry razem ze swoj\u0105 dru\u017cyn\u0105, po raz drugi z rz\u0119du, zdoby\u0142 wicemistrzostwo \u015bwiata na Mistrzostwach <span class=\"readmore\"><a href=\"https:\/\/sp2-poreba.edu.pl\/index.php\/2024\/09\/11\/pilka-jest-okragla-a-bramki-sa-dwie\/\">Czytaj wi\u0119cej<\/a><\/span><\/p>\n","protected":false},"author":2,"featured_media":4554,"comment_status":"closed","ping_status":"closed","sticky":false,"template":"","format":"standard","meta":{"footnotes":""},"categories":[8,7],"tags":[],"class_list":["post-4553","post","type-post","status-publish","format-standard","has-post-thumbnail","hentry","category-aktualnosci","category-wydarzenia"],"_links":{"self":[{"href":"https:\/\/sp2-poreba.edu.pl\/index.php\/wp-json\/wp\/v2\/posts\/4553","targetHints":{"allow":["GET"]}}],"collection":[{"href":"https:\/\/sp2-poreba.edu.pl\/index.php\/wp-json\/wp\/v2\/posts"}],"about":[{"href":"https:\/\/sp2-poreba.edu.pl\/index.php\/wp-json\/wp\/v2\/types\/post"}],"author":[{"embeddable":true,"href":"https:\/\/sp2-poreba.edu.pl\/index.php\/wp-json\/wp\/v2\/users\/2"}],"replies":[{"embeddable":true,"href":"https:\/\/sp2-poreba.edu.pl\/index.php\/wp-json\/wp\/v2\/comments?post=4553"}],"version-history":[{"count":2,"href":"https:\/\/sp2-poreba.edu.pl\/index.php\/wp-json\/wp\/v2\/posts\/4553\/revisions"}],"predecessor-version":[{"id":4556,"href":"https:\/\/sp2-poreba.edu.pl\/index.php\/wp-json\/wp\/v2\/posts\/4553\/revisions\/4556"}],"wp:featuredmedia":[{"embeddable":true,"href":"https:\/\/sp2-poreba.edu.pl\/index.php\/wp-json\/wp\/v2\/media\/4554"}],"wp:attachment":[{"href":"https:\/\/sp2-poreba.edu.pl\/index.php\/wp-json\/wp\/v2\/media?parent=4553"}],"wp:term":[{"taxonomy":"category","embeddable":true,"href":"https:\/\/sp2-poreba.edu.pl\/index.php\/wp-json\/wp\/v2\/categories?post=4553"},{"taxonomy":"post_tag","embeddable":true,"href":"https:\/\/sp2-poreba.edu.pl\/index.php\/wp-json\/wp\/v2\/tags?post=4553"}],"curies":[{"name":"wp","href":"https:\/\/api.w.org\/{rel}","templated":true}]}}