{"id":489,"date":"2021-06-16T16:18:07","date_gmt":"2021-06-16T16:18:07","guid":{"rendered":"http:\/\/nowa.sp2-poreba.edu.pl\/?p=489"},"modified":"2021-06-16T16:30:05","modified_gmt":"2021-06-16T16:30:05","slug":"szczepimy-sie","status":"publish","type":"post","link":"https:\/\/sp2-poreba.edu.pl\/index.php\/2021\/06\/16\/szczepimy-sie\/","title":{"rendered":"Szczepimy si\u0119!"},"content":{"rendered":"\n<p><em>Szanowni Pa\u0144stwo,<\/em><\/p>\n\n\n\n<p>od 7 czerwca rodzice mog\u0105 rejestrowa\u0107 na szczepienie dzieci, kt\u00f3re uko\u0144czy\u0142y 12.&nbsp;rok \u017cycia. Wcze\u015bniej zosta\u0142a uruchomiona rejestracja dla uczni\u00f3w w wieku 16 i 17 lat. Aktualnie szczepienia odbywaj\u0105 si\u0119 w punktach populacyjnych i powszechnych.<\/p>\n\n\n\n<p>Po zako\u0144czeniu wakacji szczepienia przeciw COVID-19 b\u0119d\u0105 mog\u0142y by\u0107 realizowane w trybie mobilnym na terenie plac\u00f3wek o\u015bwiatowych. B\u0119d\u0105 je wykonywa\u0142y podmioty lecznicze prowadz\u0105ce stacjonarne punkty szczepie\u0144. Szczepienia b\u0119d\u0105 realizowane wed\u0142ug ustalonego harmonogramu, kt\u00f3ry obejmie tak\u017ce dzia\u0142ania informacyjne w szko\u0142ach i plac\u00f3wkach. Dodatkowo Ministerstwo Edukacji i Nauki we wsp\u00f3\u0142pracy z Ministerstwem Zdrowia przygotowa\u0142o rekomendacje dotycz\u0105ce przygotowania si\u0119 ucznia do szczepienia.<\/p>\n\n\n\n<p>W za\u0142\u0105czeniu przekazujemy komunikat MEiN dotycz\u0105cy szczepie\u0144 uczni\u00f3w w wieku 12-18 lat oraz dodatkowe materia\u0142y informacyjne.<\/p>\n\n\n\n<p>http:\/\/www.kuratorium.katowice.pl\/index.php\/kuratorium\/aktualnosci\/szczepienia-uczniow-w-wieku-12-18-lat-informacje-dla-szkol-i-placowek\/<\/p>\n\n\n\n<figure class=\"wp-block-image size-large\"><img loading=\"lazy\" decoding=\"async\" width=\"724\" height=\"1024\" src=\"http:\/\/nowa.sp2-poreba.edu.pl\/wp-content\/uploads\/2021\/06\/Szczepienia_uczniow_w_wieku_12-18_lat_\u2013_informacje_dla_szkol_i_placowek_\u2013_plakat-724x1024.png\" alt=\"\" class=\"wp-image-490\" srcset=\"https:\/\/sp2-poreba.edu.pl\/wp-content\/uploads\/2021\/06\/Szczepienia_uczniow_w_wieku_12-18_lat_\u2013_informacje_dla_szkol_i_placowek_\u2013_plakat-724x1024.png 724w, https:\/\/sp2-poreba.edu.pl\/wp-content\/uploads\/2021\/06\/Szczepienia_uczniow_w_wieku_12-18_lat_\u2013_informacje_dla_szkol_i_placowek_\u2013_plakat-212x300.png 212w, https:\/\/sp2-poreba.edu.pl\/wp-content\/uploads\/2021\/06\/Szczepienia_uczniow_w_wieku_12-18_lat_\u2013_informacje_dla_szkol_i_placowek_\u2013_plakat-768x1086.png 768w, https:\/\/sp2-poreba.edu.pl\/wp-content\/uploads\/2021\/06\/Szczepienia_uczniow_w_wieku_12-18_lat_\u2013_informacje_dla_szkol_i_placowek_\u2013_plakat.png 794w\" sizes=\"auto, (max-width: 724px) 100vw, 724px\" \/><\/figure>\n\n\n\n<figure class=\"wp-block-image size-large\"><img loading=\"lazy\" decoding=\"async\" width=\"724\" height=\"1024\" src=\"http:\/\/nowa.sp2-poreba.edu.pl\/wp-content\/uploads\/2021\/06\/Szczepienia_uczniow_w_wieku_12-18_lat_\u2013_rekomendacje_dla_rodzicow_\u2013_plakat-724x1024.png\" alt=\"\" class=\"wp-image-491\" srcset=\"https:\/\/sp2-poreba.edu.pl\/wp-content\/uploads\/2021\/06\/Szczepienia_uczniow_w_wieku_12-18_lat_\u2013_rekomendacje_dla_rodzicow_\u2013_plakat-724x1024.png 724w, https:\/\/sp2-poreba.edu.pl\/wp-content\/uploads\/2021\/06\/Szczepienia_uczniow_w_wieku_12-18_lat_\u2013_rekomendacje_dla_rodzicow_\u2013_plakat-212x300.png 212w, https:\/\/sp2-poreba.edu.pl\/wp-content\/uploads\/2021\/06\/Szczepienia_uczniow_w_wieku_12-18_lat_\u2013_rekomendacje_dla_rodzicow_\u2013_plakat-768x1086.png 768w, https:\/\/sp2-poreba.edu.pl\/wp-content\/uploads\/2021\/06\/Szczepienia_uczniow_w_wieku_12-18_lat_\u2013_rekomendacje_dla_rodzicow_\u2013_plakat.png 794w\" sizes=\"auto, (max-width: 724px) 100vw, 724px\" \/><\/figure>\n","protected":false},"excerpt":{"rendered":"<p>Szanowni Pa\u0144stwo, od 7 czerwca rodzice mog\u0105 rejestrowa\u0107 na szczepienie dzieci, kt\u00f3re uko\u0144czy\u0142y 12.&nbsp;rok \u017cycia. Wcze\u015bniej zosta\u0142a uruchomiona rejestracja dla uczni\u00f3w w wieku 16 i 17 lat. Aktualnie szczepienia odbywaj\u0105 si\u0119 w punktach populacyjnych i powszechnych. Po zako\u0144czeniu wakacji szczepienia <span class=\"readmore\"><a href=\"https:\/\/sp2-poreba.edu.pl\/index.php\/2021\/06\/16\/szczepimy-sie\/\">Czytaj wi\u0119cej<\/a><\/span><\/p>\n","protected":false},"author":2,"featured_media":493,"comment_status":"closed","ping_status":"closed","sticky":false,"template":"","format":"standard","meta":{"footnotes":""},"categories":[8,7],"tags":[],"class_list":["post-489","post","type-post","status-publish","format-standard","has-post-thumbnail","hentry","category-aktualnosci","category-wydarzenia"],"_links":{"self":[{"href":"https:\/\/sp2-poreba.edu.pl\/index.php\/wp-json\/wp\/v2\/posts\/489","targetHints":{"allow":["GET"]}}],"collection":[{"href":"https:\/\/sp2-poreba.edu.pl\/index.php\/wp-json\/wp\/v2\/posts"}],"about":[{"href":"https:\/\/sp2-poreba.edu.pl\/index.php\/wp-json\/wp\/v2\/types\/post"}],"author":[{"embeddable":true,"href":"https:\/\/sp2-poreba.edu.pl\/index.php\/wp-json\/wp\/v2\/users\/2"}],"replies":[{"embeddable":true,"href":"https:\/\/sp2-poreba.edu.pl\/index.php\/wp-json\/wp\/v2\/comments?post=489"}],"version-history":[{"count":0,"href":"https:\/\/sp2-poreba.edu.pl\/index.php\/wp-json\/wp\/v2\/posts\/489\/revisions"}],"wp:featuredmedia":[{"embeddable":true,"href":"https:\/\/sp2-poreba.edu.pl\/index.php\/wp-json\/wp\/v2\/media\/493"}],"wp:attachment":[{"href":"https:\/\/sp2-poreba.edu.pl\/index.php\/wp-json\/wp\/v2\/media?parent=489"}],"wp:term":[{"taxonomy":"category","embeddable":true,"href":"https:\/\/sp2-poreba.edu.pl\/index.php\/wp-json\/wp\/v2\/categories?post=489"},{"taxonomy":"post_tag","embeddable":true,"href":"https:\/\/sp2-poreba.edu.pl\/index.php\/wp-json\/wp\/v2\/tags?post=489"}],"curies":[{"name":"wp","href":"https:\/\/api.w.org\/{rel}","templated":true}]}}