{"id":695,"date":"2021-09-28T18:22:26","date_gmt":"2021-09-28T18:22:26","guid":{"rendered":"http:\/\/nowa.sp2-poreba.edu.pl\/?p=695"},"modified":"2021-09-28T18:22:28","modified_gmt":"2021-09-28T18:22:28","slug":"dzien-kropki","status":"publish","type":"post","link":"https:\/\/sp2-poreba.edu.pl\/index.php\/2021\/09\/28\/dzien-kropki\/","title":{"rendered":"Dzie\u0144 kropki"},"content":{"rendered":"\n<p>15 wrze\u015bnia &#8211; Mi\u0119dzynarodowy Dzie\u0144 Kropki! To idealna okazja do tego, aby pokaza\u0107 uczniom, \u017ce matematyka mo\u017ce by\u0107 fajna!<\/p>\n\n\n\n\n\n<figure class=\"wp-block-gallery columns-2 is-cropped wp-block-gallery-1 is-layout-flex wp-block-gallery-is-layout-flex\"><ul class=\"blocks-gallery-grid\"><li class=\"blocks-gallery-item\"><figure><img loading=\"lazy\" decoding=\"async\" width=\"1024\" height=\"498\" src=\"http:\/\/nowa.sp2-poreba.edu.pl\/wp-content\/uploads\/2021\/09\/20210915_093815-1024x498.jpg\" alt=\"\" data-id=\"696\" data-link=\"http:\/\/nowa.sp2-poreba.edu.pl\/?attachment_id=696#main\" class=\"wp-image-696\" srcset=\"https:\/\/sp2-poreba.edu.pl\/wp-content\/uploads\/2021\/09\/20210915_093815-1024x498.jpg 1024w, https:\/\/sp2-poreba.edu.pl\/wp-content\/uploads\/2021\/09\/20210915_093815-300x146.jpg 300w, https:\/\/sp2-poreba.edu.pl\/wp-content\/uploads\/2021\/09\/20210915_093815-768x373.jpg 768w, https:\/\/sp2-poreba.edu.pl\/wp-content\/uploads\/2021\/09\/20210915_093815-1536x747.jpg 1536w, https:\/\/sp2-poreba.edu.pl\/wp-content\/uploads\/2021\/09\/20210915_093815-2048x996.jpg 2048w\" sizes=\"auto, (max-width: 1024px) 100vw, 1024px\" \/><\/figure><\/li><li class=\"blocks-gallery-item\"><figure><img loading=\"lazy\" decoding=\"async\" width=\"1024\" height=\"498\" src=\"http:\/\/nowa.sp2-poreba.edu.pl\/wp-content\/uploads\/2021\/09\/20210915_083910-1024x498.jpg\" alt=\"\" data-id=\"697\" data-link=\"http:\/\/nowa.sp2-poreba.edu.pl\/?attachment_id=697#main\" class=\"wp-image-697\" srcset=\"https:\/\/sp2-poreba.edu.pl\/wp-content\/uploads\/2021\/09\/20210915_083910-1024x498.jpg 1024w, https:\/\/sp2-poreba.edu.pl\/wp-content\/uploads\/2021\/09\/20210915_083910-300x146.jpg 300w, https:\/\/sp2-poreba.edu.pl\/wp-content\/uploads\/2021\/09\/20210915_083910-768x373.jpg 768w, https:\/\/sp2-poreba.edu.pl\/wp-content\/uploads\/2021\/09\/20210915_083910-1536x747.jpg 1536w, https:\/\/sp2-poreba.edu.pl\/wp-content\/uploads\/2021\/09\/20210915_083910-2048x996.jpg 2048w\" sizes=\"auto, (max-width: 1024px) 100vw, 1024px\" \/><\/figure><\/li><\/ul><\/figure>\n","protected":false},"excerpt":{"rendered":"<p>15 wrze\u015bnia &#8211; Mi\u0119dzynarodowy Dzie\u0144 Kropki! To idealna okazja do tego, aby pokaza\u0107 uczniom, \u017ce matematyka mo\u017ce by\u0107 fajna!<\/p>\n","protected":false},"author":2,"featured_media":698,"comment_status":"closed","ping_status":"closed","sticky":false,"template":"","format":"standard","meta":{"footnotes":""},"categories":[8,13,7],"tags":[],"class_list":["post-695","post","type-post","status-publish","format-standard","has-post-thumbnail","hentry","category-aktualnosci","category-szkola","category-wydarzenia"],"_links":{"self":[{"href":"https:\/\/sp2-poreba.edu.pl\/index.php\/wp-json\/wp\/v2\/posts\/695","targetHints":{"allow":["GET"]}}],"collection":[{"href":"https:\/\/sp2-poreba.edu.pl\/index.php\/wp-json\/wp\/v2\/posts"}],"about":[{"href":"https:\/\/sp2-poreba.edu.pl\/index.php\/wp-json\/wp\/v2\/types\/post"}],"author":[{"embeddable":true,"href":"https:\/\/sp2-poreba.edu.pl\/index.php\/wp-json\/wp\/v2\/users\/2"}],"replies":[{"embeddable":true,"href":"https:\/\/sp2-poreba.edu.pl\/index.php\/wp-json\/wp\/v2\/comments?post=695"}],"version-history":[{"count":0,"href":"https:\/\/sp2-poreba.edu.pl\/index.php\/wp-json\/wp\/v2\/posts\/695\/revisions"}],"wp:featuredmedia":[{"embeddable":true,"href":"https:\/\/sp2-poreba.edu.pl\/index.php\/wp-json\/wp\/v2\/media\/698"}],"wp:attachment":[{"href":"https:\/\/sp2-poreba.edu.pl\/index.php\/wp-json\/wp\/v2\/media?parent=695"}],"wp:term":[{"taxonomy":"category","embeddable":true,"href":"https:\/\/sp2-poreba.edu.pl\/index.php\/wp-json\/wp\/v2\/categories?post=695"},{"taxonomy":"post_tag","embeddable":true,"href":"https:\/\/sp2-poreba.edu.pl\/index.php\/wp-json\/wp\/v2\/tags?post=695"}],"curies":[{"name":"wp","href":"https:\/\/api.w.org\/{rel}","templated":true}]}}